{"id":6581,"date":"2024-05-10T14:52:09","date_gmt":"2024-05-10T11:52:09","guid":{"rendered":"https:\/\/eyeandbody.com\/?p=6581"},"modified":"2025-05-14T15:25:11","modified_gmt":"2025-05-14T12:25:11","slug":"goz-estetigi","status":"publish","type":"post","link":"https:\/\/eyeandbody.com\/de\/goz-estetigi\/","title":{"rendered":"Augen\u00e4sthetik"},"content":{"rendered":"<p>Zamanla g\u00f6z kapaklar\u0131nda sarkma, torbalanma, k\u0131r\u0131\u015f\u0131kl\u0131klar ve yorgun g\u00f6r\u00fcn\u00fcm olu\u015fabilir. Bu durum hem estetik a\u00e7\u0131dan rahats\u0131zl\u0131k yarat\u0131r hem de baz\u0131 ki\u015filerde g\u00f6rme alan\u0131n\u0131 daraltarak i\u015flevsel sorunlara yol a\u00e7abilir. <strong>G\u00f6z esteti\u011fi<\/strong>, ya\u015flanma belirtilerin en erken g\u00f6r\u00fcld\u00fc\u011f\u00fc g\u00f6z \u00e7evresinde yap\u0131lan cerrahi veya konservatif m\u00fcdahalelerdir.<\/p>\n\n\n\n<h2 class=\"wp-block-heading\">G\u00f6z Esteti\u011fi Kimler \u0130\u00e7in Uygundur?<\/h2>\n\n\n<div class=\"wp-block-image\">\n<figure class=\"alignleft size-full is-resized\"><img fetchpriority=\"high\" decoding=\"async\" width=\"1000\" height=\"600\" src=\"https:\/\/eyeandbody.com\/wp-content\/uploads\/2024\/05\/goz-estetigi-2.jpg\" alt=\"Augen\u00e4sthetik\" class=\"wp-image-8479\" style=\"width:330px;height:auto\" title=\"\" srcset=\"https:\/\/eyeandbody.com\/wp-content\/uploads\/2024\/05\/goz-estetigi-2.jpg 1000w, https:\/\/eyeandbody.com\/wp-content\/uploads\/2024\/05\/goz-estetigi-2-300x180.jpg 300w, https:\/\/eyeandbody.com\/wp-content\/uploads\/2024\/05\/goz-estetigi-2-768x461.jpg 768w, https:\/\/eyeandbody.com\/wp-content\/uploads\/2024\/05\/goz-estetigi-2-18x12.jpg 18w\" sizes=\"(max-width: 1000px) 100vw, 1000px\" \/><\/figure>\n<\/div>\n\n\n<p>G\u00f6z \u00e7evresinde olu\u015fan ya\u015flanma belirtilerinden rahats\u0131zl\u0131k duyan ki\u015filere uygulanan m\u00fcdahaledir. Ya\u015fla birlikte cilt elastikiyetini kaybeder, g\u00f6z kapaklar\u0131nda sarkma, torbalanma ve k\u0131r\u0131\u015f\u0131kl\u0131klar ortaya \u00e7\u0131kar. Bu durum hem estetik kayg\u0131lara neden olur hem de baz\u0131 ki\u015filerde g\u00f6rme alan\u0131n\u0131 daraltabilir.<\/p>\n\n\n\n<p>Genellikle 30 ya\u015f ve \u00fczerindeki bireyler i\u00e7in uygundur. Bu ya\u015f grubunda ciltteki gev\u015feme ve deformasyonlar daha belirgin h\u00e2le gelir. Ancak daha gen\u00e7 ya\u015fta g\u00f6z kapa\u011f\u0131 sarkmas\u0131 ya\u015fayan ki\u015filerde de estetik m\u00fcdahaleler yap\u0131labilir.<\/p>\n\n\n\n<p>\u00dcst g\u00f6z kapa\u011f\u0131nda biriken fazla deri nedeniyle g\u00f6rme zorlu\u011fu ya\u015fayan bireyler de b\u0131 i\u015flemden fayda g\u00f6rebilir. Bu t\u00fcr hastalarda estetik yaln\u0131zca kozmetik bir i\u015flem de\u011fil, ayn\u0131 zamanda fonksiyonel bir ihtiya\u00e7t\u0131r.<\/p>\n\n\n\n<p>Alt g\u00f6z kapaklar\u0131nda torbalanma, \u015fi\u015flik ya da morluk \u015fik\u00e2yeti olan ki\u015filer de bu i\u015flem i\u00e7in uygundur. G\u00f6z alt\u0131 esteti\u011fi ile daha din\u00e7 ve gen\u00e7 bir g\u00f6r\u00fcn\u00fcm elde edilebilir.<\/p>\n\n\n\n<p><strong>G\u00f6z esteti\u011fi <\/strong>i\u00e7in ba\u015fvuran ki\u015filerin genel sa\u011fl\u0131k durumunun iyi olmas\u0131 gerekir. Ayr\u0131ca, kronik hastal\u0131klar\u0131 kontrol alt\u0131nda olan ve ger\u00e7ek\u00e7i beklentilere sahip bireyler bu i\u015flem i\u00e7in daha uygundur. Ameliyat \u00f6ncesinde detayl\u0131 bir de\u011ferlendirme yap\u0131l\u0131r ve en uygun y\u00f6ntem belirlenir.<\/p>\n\n\n\n<p>Bu estetik i\u015flem hem kad\u0131nlar hem de erkekler i\u00e7in uygulanabilir. Ki\u015finin y\u00fcz ifadesini daha canl\u0131, enerjik ve gen\u00e7 g\u00f6stermek i\u00e7in etkili bir se\u00e7enektir.<\/p>\n\n\n\n<h3 class=\"wp-block-heading\">G\u00f6z Esteti\u011fi Ne Kadar S\u00fcrer?<\/h3>\n\n\n\n<p><strong>G\u00f6z esteti\u011fi<\/strong>, hem estetik hem de fonksiyonel ama\u00e7larla uygulanan bir i\u015flemdir. S\u00fcresi, yap\u0131lan m\u00fcdahalenin t\u00fcr\u00fcne, kapsam\u0131na ve hastan\u0131n ihtiya\u00e7lar\u0131na g\u00f6re de\u011fi\u015fiklik g\u00f6sterebilir. En s\u0131k uygulanan i\u015flemlerden biri olan \u00fcst ve alt g\u00f6z kapa\u011f\u0131 esteti\u011fi (blefaroplasti), genellikle k\u0131sa s\u00fcrede tamamlan\u0131r.<\/p>\n\n\n\n<p>\u00dcst g\u00f6z kapa\u011f\u0131 esteti\u011fi ortalama 30\u201345 dakika s\u00fcrer. \u0130\u015flem s\u0131ras\u0131nda fazla deri ve gerekirse ya\u011f dokusu al\u0131narak g\u00f6z kapa\u011f\u0131 \u015fekillendirilir. Bu i\u015flem genellikle lokal anestezi alt\u0131nda yap\u0131l\u0131r ve hasta ayn\u0131 g\u00fcn taburcu edilir.<\/p>\n\n\n\n<p>Alt g\u00f6z kapa\u011f\u0131 esteti\u011fi ise biraz daha detayl\u0131d\u0131r. Torbalanma, sarkma ve morluklar\u0131n durumuna g\u00f6re i\u015flem s\u00fcresi 45 dakika ile 1,5 saat aras\u0131nda de\u011fi\u015febilir. \u00dcst ve alt kapak birlikte yap\u0131lacaksa i\u015flem s\u00fcresi genellikle 1,5\u20132 saate kadar uzar.<\/p>\n\n\n\n<p>Ameliyats\u0131z uygulamalar\u0131 ise \u00e7ok daha k\u0131sa s\u00fcrede tamamlan\u0131r. Botoks, dolgu veya lazer i\u015flemleri genellikle 15\u201330 dakika i\u00e7inde bitirilir. Bu i\u015flemler sonras\u0131nda hasta hemen g\u00fcnl\u00fck ya\u015fam\u0131na d\u00f6nebilir.<\/p>\n\n\n\n<p>Cerrahi i\u015flemlerinden sonra iyile\u015fme s\u00fcreci birka\u00e7 g\u00fcn s\u00fcrebilir. Diki\u015flerin al\u0131nmas\u0131 genellikle 5\u20137 g\u00fcn i\u00e7inde yap\u0131l\u0131r. \u015ei\u015flik ve morluklar ise birka\u00e7 hafta i\u00e7inde tamamen ge\u00e7er.<\/p>\n\n\n\n<p>Sonu\u00e7 olarak, <strong>g\u00f6z esteti\u011fi<\/strong> i\u015flemleri olduk\u00e7a k\u0131sa s\u00fcren uygulamalard\u0131r. En do\u011fru bilgi, ki\u015fiye \u00f6zel olarak belirlenmelidir. Bu de\u011ferlendirme, uzman doktor taraf\u0131ndan hastan\u0131n ihtiya\u00e7lar\u0131na g\u00f6re yap\u0131l\u0131r.<\/p>\n\n\n\n<h3 class=\"wp-block-heading\">G\u00f6z Esteti\u011fi Nas\u0131l Yap\u0131l\u0131r?<\/h3>\n\n\n<div class=\"wp-block-image\">\n<figure class=\"alignright size-full is-resized\"><img decoding=\"async\" width=\"1000\" height=\"600\" src=\"https:\/\/eyeandbody.com\/wp-content\/uploads\/2024\/05\/goz-estetigi-3.jpg\" alt=\"Augen\u00e4sthetik\" class=\"wp-image-8478\" style=\"width:372px;height:auto\" title=\"\" srcset=\"https:\/\/eyeandbody.com\/wp-content\/uploads\/2024\/05\/goz-estetigi-3.jpg 1000w, https:\/\/eyeandbody.com\/wp-content\/uploads\/2024\/05\/goz-estetigi-3-300x180.jpg 300w, https:\/\/eyeandbody.com\/wp-content\/uploads\/2024\/05\/goz-estetigi-3-768x461.jpg 768w, https:\/\/eyeandbody.com\/wp-content\/uploads\/2024\/05\/goz-estetigi-3-18x12.jpg 18w\" sizes=\"(max-width: 1000px) 100vw, 1000px\" \/><\/figure>\n<\/div>\n\n\n<p>G\u00f6z \u00e7evresinde zamanla olu\u015fan estetik problemleri hedef al\u0131r. Sarkma, torbalanma ve k\u0131r\u0131\u015f\u0131kl\u0131k gibi ya\u015flanma belirtilerini gidermek amac\u0131yla uygulan\u0131r. Bu uygulamalar hem cerrahi hem de cerrahi olmayan y\u00f6ntemlerle yap\u0131labilir. En yayg\u0131n cerrahi y\u00f6ntem ise blefaroplasti, yani g\u00f6z kapa\u011f\u0131 esteti\u011fidir.<\/p>\n\n\n\n<p>\u00dcst g\u00f6z kapa\u011f\u0131 esteti\u011fi lokal anestezi alt\u0131nda ger\u00e7ekle\u015ftirilir. Sarkm\u0131\u015f deri ve fazla ya\u011f dokusu dikkatlice \u00e7\u0131kar\u0131l\u0131r. G\u00f6z kapa\u011f\u0131 yeniden \u015fekillendirilerek daha din\u00e7 ve gen\u00e7 bir g\u00f6r\u00fcn\u00fcm elde edilir. \u0130\u015flem ortalama 30\u201345 dakika s\u00fcrer.<\/p>\n\n\n\n<p>Alt g\u00f6z kapa\u011f\u0131 esteti\u011finde, g\u00f6z alt\u0131ndaki torbalanmalar ve \u015fi\u015flikler giderilir. Bu i\u015flemde fazla ya\u011f dokusu al\u0131n\u0131r veya yer de\u011fi\u015ftirerek do\u011fal bir g\u00f6r\u00fcn\u00fcm sa\u011flan\u0131r. Alt kapak i\u015flemi genellikle 45\u201390 dakika aras\u0131nda s\u00fcrer. Gerekirse her iki kapak ayn\u0131 seansta birlikte yap\u0131labilir.<\/p>\n\n\n\n<p>Cerrahisiz estetik y\u00f6ntemler de olduk\u00e7a yayg\u0131nd\u0131r. Botoks, dolgu uygulamalar\u0131 ve lazer tedavileri cerrahiye gerek kalmadan uygulanabilir. Bu y\u00f6ntemler, g\u00f6z \u00e7evresindeki ince k\u0131r\u0131\u015f\u0131kl\u0131klar\u0131 ve mat g\u00f6r\u00fcn\u00fcm\u00fc azaltmak i\u00e7in tercih edilir. Bu i\u015flemler genellikle 15\u201330 dakikada tamamlan\u0131r ve iyile\u015fme s\u00fcresi yok denecek kadar k\u0131sad\u0131r.<\/p>\n\n\n\n<p>Her i\u015flem \u00f6ncesinde hasta detayl\u0131 olarak de\u011ferlendirilir. G\u00f6z yap\u0131s\u0131, cilt durumu ve beklentiler g\u00f6z \u00f6n\u00fcnde bulundurularak ki\u015fiye \u00f6zel bir tedavi plan\u0131 olu\u015fturulur.<\/p>\n\n\n\n<p><strong>G\u00f6z esteti\u011fi<\/strong>, uzman ellerde yap\u0131ld\u0131\u011f\u0131nda do\u011fal ve dengeli sonu\u00e7lar verir. Y\u00fcz ifadesini bozmadan gen\u00e7le\u015fmek isteyenler i\u00e7in g\u00fcvenli ve etkili bir \u00e7\u00f6z\u00fcmd\u00fcr.<\/p>\n\n\n\n<h3 class=\"wp-block-heading\">G\u00f6z Esteti\u011fi Sonras\u0131 Sonras\u0131 S\u00fcre\u00e7 Nas\u0131ld\u0131r?<\/h3>\n\n\n\n<p><strong>G\u00f6z esteti\u011fi<\/strong> sonras\u0131nda iyile\u015fme s\u00fcreci, uygulanan y\u00f6nteme ve ki\u015finin genel sa\u011fl\u0131k durumuna g\u00f6re de\u011fi\u015fkenlik g\u00f6sterebilir. Cerrahi i\u015flem yap\u0131lm\u0131\u015fsa iyile\u015fme s\u00fcreci daha dikkatli takip edilmelidir. Ameliyat sonras\u0131nda k\u0131sa s\u00fcreli \u015fi\u015flik, morluk ve hafif a\u011fr\u0131 olu\u015fmas\u0131 normaldir.<\/p>\n\n\n\n<p>\u0130lk birka\u00e7 g\u00fcn, hastan\u0131n ba\u015f\u0131n\u0131 y\u00fcksek tutarak dinlenmesi \u00f6nerilir. G\u00f6z \u00e7evresine so\u011fuk kompres uygulanmas\u0131 \u015fi\u015fli\u011fi ve morluklar\u0131 azaltmaya yard\u0131mc\u0131 olur. Doktorun \u00f6nerdi\u011fi g\u00f6z damlalar\u0131 ve ila\u00e7lar d\u00fczenli \u015fekilde kullan\u0131lmal\u0131d\u0131r.<\/p>\n\n\n\n<p>Diki\u015fler genellikle 5\u20137 g\u00fcn i\u00e7inde al\u0131n\u0131r. Bu s\u00fcre boyunca g\u00f6z \u00e7evresine makyaj yap\u0131lmamal\u0131, cilt temizli\u011fi nazik \u015fekilde uygulanmal\u0131d\u0131r. G\u00f6zleri ovu\u015fturmak veya bask\u0131 uygulamak iyile\u015fmeyi geciktirebilir.<\/p>\n\n\n\n<p>Ameliyats\u0131z uygulamalarda ise iyile\u015fme s\u00fcreci \u00e7ok daha k\u0131sad\u0131r. Botoks, dolgu ya da lazer tedavisi gibi i\u015flemlerden sonra ki\u015fi hemen g\u00fcnl\u00fck ya\u015fant\u0131s\u0131na d\u00f6nebilir. Nadiren hafif k\u0131zar\u0131kl\u0131k veya \u00f6dem olu\u015fabilir, ancak bu durumlar genellikle k\u0131sa s\u00fcrede kendili\u011finden ge\u00e7er.<\/p>\n\n\n\n<p>\u0130yile\u015fme d\u00f6neminde g\u00fcne\u015f \u0131\u015f\u0131\u011f\u0131na do\u011frudan maruz kal\u0131nmamal\u0131d\u0131r. Gerekirse koruyucu g\u00f6zl\u00fck kullan\u0131lmal\u0131, a\u011f\u0131r egzersizlerden ve buhar banyosu gibi aktivitelerden ka\u00e7\u0131n\u0131lmal\u0131d\u0131r.<\/p>\n\n\n\n<p>T\u00fcm bu s\u00fcre\u00e7te doktor kontrolleri aksat\u0131lmamal\u0131 ve hekimin verdi\u011fi \u00f6nerilere mutlaka uyulmal\u0131d\u0131r. <strong>G\u00f6z esteti\u011fi <\/strong>sonras\u0131 dikkatli bir bak\u0131m ve takip ile daha h\u0131zl\u0131 iyile\u015fmek ve kal\u0131c\u0131, do\u011fal sonu\u00e7lar elde etmek m\u00fcmk\u00fcnd\u00fcr.<\/p>","protected":false},"excerpt":{"rendered":"<p>Zamanla g\u00f6z kapaklar\u0131nda sarkma, torbalanma, k\u0131r\u0131\u015f\u0131kl\u0131klar ve yorgun g\u00f6r\u00fcn\u00fcm olu\u015fabilir. Bu durum hem estetik a\u00e7\u0131dan rahats\u0131zl\u0131k yarat\u0131r hem de baz\u0131 ki\u015filerde g\u00f6rme alan\u0131n\u0131 daraltarak i\u015flevsel sorunlara yol a\u00e7abilir. G\u00f6z esteti\u011fi, ya\u015flanma belirtilerin en erken g\u00f6r\u00fcld\u00fc\u011f\u00fc g\u00f6z \u00e7evresinde yap\u0131lan cerrahi veya konservatif m\u00fcdahalelerdir. G\u00f6z Esteti\u011fi Kimler \u0130\u00e7in Uygundur? G\u00f6z \u00e7evresinde olu\u015fan ya\u015flanma belirtilerinden rahats\u0131zl\u0131k duyan ki\u015filere [&hellip;]<\/p>","protected":false},"author":1,"featured_media":8480,"comment_status":"closed","ping_status":"open","sticky":false,"template":"","format":"standard","meta":{"footnotes":""},"categories":[79],"tags":[],"class_list":["post-6581","post","type-post","status-publish","format-standard","has-post-thumbnail","hentry","category-estetik-cerrahi"],"_links":{"self":[{"href":"https:\/\/eyeandbody.com\/de\/wp-json\/wp\/v2\/posts\/6581","targetHints":{"allow":["GET"]}}],"collection":[{"href":"https:\/\/eyeandbody.com\/de\/wp-json\/wp\/v2\/posts"}],"about":[{"href":"https:\/\/eyeandbody.com\/de\/wp-json\/wp\/v2\/types\/post"}],"author":[{"embeddable":true,"href":"https:\/\/eyeandbody.com\/de\/wp-json\/wp\/v2\/users\/1"}],"replies":[{"embeddable":true,"href":"https:\/\/eyeandbody.com\/de\/wp-json\/wp\/v2\/comments?post=6581"}],"version-history":[{"count":1,"href":"https:\/\/eyeandbody.com\/de\/wp-json\/wp\/v2\/posts\/6581\/revisions"}],"predecessor-version":[{"id":8481,"href":"https:\/\/eyeandbody.com\/de\/wp-json\/wp\/v2\/posts\/6581\/revisions\/8481"}],"wp:featuredmedia":[{"embeddable":true,"href":"https:\/\/eyeandbody.com\/de\/wp-json\/wp\/v2\/media\/8480"}],"wp:attachment":[{"href":"https:\/\/eyeandbody.com\/de\/wp-json\/wp\/v2\/media?parent=6581"}],"wp:term":[{"taxonomy":"category","embeddable":true,"href":"https:\/\/eyeandbody.com\/de\/wp-json\/wp\/v2\/categories?post=6581"},{"taxonomy":"post_tag","embeddable":true,"href":"https:\/\/eyeandbody.com\/de\/wp-json\/wp\/v2\/tags?post=6581"}],"curies":[{"name":"wp","href":"https:\/\/api.w.org\/{rel}","templated":true}]}}