{"id":6693,"date":"2024-07-01T12:25:12","date_gmt":"2024-07-01T09:25:12","guid":{"rendered":"https:\/\/eyeandbody.com\/?p=6693"},"modified":"2025-05-14T18:30:03","modified_gmt":"2025-05-14T15:30:03","slug":"cene-estetigi-ameliyati","status":"publish","type":"post","link":"https:\/\/eyeandbody.com\/en\/chin-aesthetic-surgery\/","title":{"rendered":"Chin Aesthetic Surgery"},"content":{"rendered":"<p>T\u0131bbi ad\u0131yla mentoplasti veya genioplasti, \u00e7ene yap\u0131s\u0131ndaki orant\u0131s\u0131zl\u0131klar\u0131 d\u00fczeltmek ve y\u00fcz esteti\u011fini dengelemek i\u00e7in yap\u0131l\u0131r. Alt \u00e7enenin \u00f6nde, geride, uzun veya k\u0131sa olmas\u0131 gibi durumlar estetik g\u00f6r\u00fcn\u00fcm\u00fc, \u00e7i\u011fneme ve konu\u015fma gibi fonksiyonlar\u0131 etkiler. <strong>Chin aesthetic surgery <\/strong>Yaln\u0131zca kozmetik bir i\u015flem de\u011fil, fonksiyonel bir m\u00fcdahale olarak da uygulan\u0131r.<\/p>\n\n\n\n<h2 class=\"wp-block-heading\">\u00c7ene Esteti\u011fi Ameliyat\u0131 Kimler \u0130\u00e7in Uygundur?<\/h2>\n\n\n<div class=\"wp-block-image\">\n<figure class=\"alignleft size-full is-resized\"><img fetchpriority=\"high\" decoding=\"async\" width=\"1000\" height=\"600\" src=\"https:\/\/eyeandbody.com\/wp-content\/uploads\/2024\/07\/cene-estetigi-ameliyati-2.jpg\" alt=\"Chin Aesthetic Surgery\" class=\"wp-image-8494\" style=\"width:386px;height:auto\" title=\"\" srcset=\"https:\/\/eyeandbody.com\/wp-content\/uploads\/2024\/07\/cene-estetigi-ameliyati-2.jpg 1000w, https:\/\/eyeandbody.com\/wp-content\/uploads\/2024\/07\/cene-estetigi-ameliyati-2-300x180.jpg 300w, https:\/\/eyeandbody.com\/wp-content\/uploads\/2024\/07\/cene-estetigi-ameliyati-2-768x461.jpg 768w, https:\/\/eyeandbody.com\/wp-content\/uploads\/2024\/07\/cene-estetigi-ameliyati-2-18x12.jpg 18w\" sizes=\"(max-width: 1000px) 100vw, 1000px\" \/><\/figure>\n<\/div>\n\n\n<p>\u00c7ene esteti\u011fi, \u00e7ene yap\u0131s\u0131ndaki do\u011fu\u015ftan gelen veya sonradan olu\u015fan bozukluklar\u0131 d\u00fczeltmek i\u00e7in yap\u0131l\u0131r. Ayn\u0131 zamanda y\u00fcz hatlar\u0131n\u0131 dengelemek amac\u0131yla da uygulan\u0131r.<\/p>\n\n\n\n<p>Bu operasyon, estetik g\u00f6r\u00fcn\u00fcm\u00fc iyile\u015ftirmenin \u00f6tesinde fonksiyonel faydalar da sa\u011flar. \u00c7i\u011fneme, konu\u015fma ve solunum gibi i\u015flevlerde ya\u015fanan sorunlar\u0131n giderilmesine yard\u0131mc\u0131 olur.<\/p>\n\n\n\n<p>Bu nedenle \u00e7ene esteti\u011fi, hem kozmetik hem de i\u015flevsel sonu\u00e7lar sunan \u00f6nemli bir cerrahi i\u015flemdir. Uygun adaylarda kal\u0131c\u0131 ve tatmin edici sonu\u00e7lar elde edilebilir.<\/p>\n\n\n\n<p>\u00c7ene yap\u0131s\u0131nda orant\u0131s\u0131zl\u0131k, gerilik veya belirgin \u00e7\u0131k\u0131kl\u0131k bulunan bireyler bu ameliyat i\u00e7in uygundur. Bu yap\u0131sal sorunlar hem g\u00f6r\u00fcn\u00fcm\u00fc hem de ki\u015finin profil dengesini etkileyebilir.<\/p>\n\n\n\n<p>\u00c7enenin y\u00fczle uyumlu olmamas\u0131, zay\u0131f \u00e7ene hatt\u0131 veya profil bozuklu\u011fu ya\u015fayan ki\u015filer de \u00e7ene esteti\u011finden fayda g\u00f6rebilir. Estetik kayg\u0131lar\u0131n yan\u0131 s\u0131ra \u00f6zg\u00fcven art\u0131rma amac\u0131yla da tercih edilebilir.<\/p>\n\n\n\n<p>Ameliyat genellikle 18 ya\u015f\u0131n\u0131 doldurmu\u015f bireylere uygulan\u0131r. Bu ya\u015fta y\u00fcz kemik geli\u015fimi tamamlanm\u0131\u015f olur.<\/p>\n\n\n\n<p>Ancak baz\u0131 ciddi vakalarda daha erken ya\u015fta de\u011ferlendirme yap\u0131labilir. Gerekli durumlarda uzman doktor kontrol\u00fcnde planlama sa\u011flan\u0131r.<\/p>\n\n\n\n<p>Ortodontik tedaviyle \u00e7ene sorunu \u00e7\u00f6z\u00fclemeyen bireyler i\u00e7in de cerrahi uygundur. Protez gibi ge\u00e7ici \u00e7\u00f6z\u00fcmlerden sonu\u00e7 alamayan ki\u015filer i\u00e7in kal\u0131c\u0131 bir alternatiftir.<\/p>\n\n\n\n<p>Adaylar\u0131n psikolojik olarak s\u00fcrece haz\u0131r olmas\u0131 \u00f6nemlidir. Ayr\u0131ca ger\u00e7ek\u00e7i beklentilere sahip olmalar\u0131 da ba\u015far\u0131l\u0131 sonu\u00e7lar i\u00e7in gereklidir.<\/p>\n\n\n\n<p>\u00c7ene esteti\u011fi, y\u00fcz hatlar\u0131nda orant\u0131 sa\u011flamak isteyen ki\u015filer i\u00e7in etkili bir se\u00e7enektir. Uzman cerrah taraf\u0131ndan ki\u015fiye \u00f6zel planlama yap\u0131ld\u0131\u011f\u0131nda do\u011fal ve dengeli bir g\u00f6r\u00fcn\u00fcm elde edilebilir.<\/p>\n\n\n\n<h3 class=\"wp-block-heading\">How Long Does Chin Aesthetic Surgery Take?<\/h3>\n\n\n\n<p><strong>\u00c7ene esteti\u011fi ameliyat\u0131,<\/strong> \u00e7ene yap\u0131s\u0131n\u0131n y\u00fczle daha uyumlu h\u00e2le getirilmesi amac\u0131yla yap\u0131lan cerrahi bir i\u015flemdir. Ameliyat s\u00fcresi, uygulanacak tekni\u011fe, m\u00fcdahale kapsam\u0131na ve hastan\u0131n \u00e7ene yap\u0131s\u0131na g\u00f6re de\u011fi\u015fiklik g\u00f6sterebilir. Her bireyin ihtiya\u00e7lar\u0131 farkl\u0131 oldu\u011fu i\u00e7in operasyon s\u00fcresi de ki\u015fiye \u00f6zel olarak planlan\u0131r.<\/p>\n\n\n\n<p>Genel olarak 1 ile 2 saat aras\u0131nda s\u00fcrer. \u0130\u015flem s\u00fcresi, ileri ya da geri al\u0131nmas\u0131 ya da protez yerle\u015ftirilmesi gibi uygulamalara ba\u011fl\u0131 olarak uzayabilir. E\u011fer ameliyat a\u011f\u0131z i\u00e7inden yap\u0131l\u0131yorsa, d\u0131\u015far\u0131dan herhangi bir iz kalmaz. Bu y\u00f6ntem estetik a\u00e7\u0131dan avantaj sa\u011flar.<\/p>\n\n\n\n<p>Ameliyat genellikle genel anestezi alt\u0131nda yap\u0131l\u0131r. Ancak daha basit m\u00fcdahalelerde lokal anestezi de tercih edilebilir. Cerrah, i\u015flem s\u0131ras\u0131nda \u00e7ene kemi\u011fini keserek ileri alabilir, k\u0131saltabilir. \u00d6zel implantlarla destek sa\u011flayabilir. Gerekirse t\u00f6rp\u00fcleme gibi d\u00fczeltici i\u015flemler de yap\u0131l\u0131r.<\/p>\n\n\n\n<p>Operasyon sonras\u0131 hastan\u0131n klinikte kal\u0131\u015f s\u00fcresi genellikle 1 g\u00fcnd\u00fcr. Basit i\u015flemlerde ayn\u0131 g\u00fcn taburcu olmak da m\u00fcmk\u00fcnd\u00fcr. Ameliyat sonras\u0131 birka\u00e7 g\u00fcn \u015fi\u015flik, hafif a\u011fr\u0131 ve \u00e7i\u011fneme zorlu\u011fu g\u00f6r\u00fclebilir. Bu durumlar ge\u00e7icidir ve doktorun \u00f6nerdi\u011fi ila\u00e7larla kolayca kontrol alt\u0131na al\u0131nabilir.<\/p>\n\n\n\n<p><strong>Chin aesthetic surgery<\/strong> s\u00fcresi k\u0131sa olsa da planlama, iyile\u015fme s\u00fcreci ve doktor takibi b\u00fcy\u00fck \u00f6nem ta\u015f\u0131r. Do\u011fru teknikle yap\u0131lan i\u015flem sonucunda estetik ve fonksiyonel a\u00e7\u0131dan tatmin edici sonu\u00e7lar elde edilir.<\/p>\n\n\n\n<h3 class=\"wp-block-heading\">How is Chin Aesthetic Surgery Performed?<\/h3>\n\n\n<div class=\"wp-block-image\">\n<figure class=\"alignright size-full is-resized\"><img decoding=\"async\" width=\"1000\" height=\"600\" src=\"https:\/\/eyeandbody.com\/wp-content\/uploads\/2024\/07\/cene-estetigi-ameliyati-3.jpg\" alt=\"Chin Aesthetic Surgery\" class=\"wp-image-8493\" style=\"width:393px;height:auto\" title=\"\" srcset=\"https:\/\/eyeandbody.com\/wp-content\/uploads\/2024\/07\/cene-estetigi-ameliyati-3.jpg 1000w, https:\/\/eyeandbody.com\/wp-content\/uploads\/2024\/07\/cene-estetigi-ameliyati-3-300x180.jpg 300w, https:\/\/eyeandbody.com\/wp-content\/uploads\/2024\/07\/cene-estetigi-ameliyati-3-768x461.jpg 768w, https:\/\/eyeandbody.com\/wp-content\/uploads\/2024\/07\/cene-estetigi-ameliyati-3-18x12.jpg 18w\" sizes=\"(max-width: 1000px) 100vw, 1000px\" \/><\/figure>\n<\/div>\n\n\n<p><strong>\u00c7ene esteti\u011fi ameliyat\u0131,<\/strong> \u00e7ene yap\u0131s\u0131ndaki \u015fekil bozukluklar\u0131n\u0131 d\u00fczeltmek i\u00e7in uygulan\u0131r. Ayn\u0131 zamanda y\u00fcz hatlar\u0131yla uyumlu bir g\u00f6r\u00fcn\u00fcm elde etmeyi ama\u00e7lar.<\/p>\n\n\n\n<p>Bu i\u015flem, estetik kayg\u0131lar\u0131 gidermenin yan\u0131 s\u0131ra baz\u0131 fonksiyonel sorunlar\u0131 da \u00e7\u00f6zebilir. \u00c7i\u011fneme ve konu\u015fma problemlerinde de etkili olabilir.<\/p>\n\n\n\n<p>Ameliyat \u00f6ncesinde detayl\u0131 bir muayene yap\u0131l\u0131r. Hastan\u0131n \u00e7ene yap\u0131s\u0131, y\u00fcz oranlar\u0131 ve ihtiya\u00e7lar\u0131 de\u011ferlendirilir.<\/p>\n\n\n\n<p>\u00c7ene esteti\u011fi genellikle genel anestezi alt\u0131nda yap\u0131l\u0131r. Ancak k\u00fc\u00e7\u00fck m\u00fcdahalelerde lokal anestezi de tercih edilebilir.<\/p>\n\n\n\n<p>Operasyon s\u00fcresi, yap\u0131lacak i\u015fleme ba\u011fl\u0131 olarak de\u011fi\u015fir. Genellikle 1\u20132 saat aras\u0131nda tamamlan\u0131r.<\/p>\n\n\n\n<p>Cerrah, \u00e7ene kemi\u011fini yeniden \u015fekillendirmek i\u00e7in farkl\u0131 teknikler uygular. Se\u00e7ilen y\u00f6ntem, hastan\u0131n ihtiyac\u0131na g\u00f6re belirlenir.<\/p>\n\n\n\n<p>\u00c7ene ucu gerideyse ileri al\u0131nabilir. E\u011fer \u00e7ok belirginse t\u00f6rp\u00fclenerek k\u00fc\u00e7\u00fclt\u00fclebilir. Baz\u0131 durumlarda \u00f6zel bir \u00e7ene implant\u0131 yerle\u015ftirilir. Bu uygulamalarla y\u00fcz profili dengelenir.<\/p>\n\n\n\n<p>\u0130\u015flemler genellikle a\u011f\u0131z i\u00e7inden ger\u00e7ekle\u015ftirilir. B\u00f6ylece d\u0131\u015far\u0131dan g\u00f6r\u00fcn\u00fcr bir iz kalmaz. Ameliyat sonras\u0131nda \u00e7ene b\u00f6lgesine bandaj uygulanabilir. Bu, \u015feklin korunmas\u0131na yard\u0131mc\u0131 olur.<\/p>\n\n\n\n<p>\u0130lk g\u00fcnlerde hafif a\u011fr\u0131, \u015fi\u015flik ve \u00e7i\u011fneme zorlu\u011fu ya\u015fanabilir. Bu belirtiler ge\u00e7icidir ve ila\u00e7larla kontrol alt\u0131na al\u0131nabilir.<\/p>\n\n\n\n<p>Hastalar \u00e7o\u011funlukla 1 hafta i\u00e7inde g\u00fcnl\u00fck ya\u015famlar\u0131na d\u00f6ner. Ancak tam iyile\u015fme birka\u00e7 haftay\u0131 bulabilir.<\/p>\n\n\n\n<p><strong>Chin aesthetic surgery <\/strong>do\u011fru planland\u0131\u011f\u0131nda do\u011fal sonu\u00e7lar verir. Uzman bir cerrah taraf\u0131ndan yap\u0131ld\u0131\u011f\u0131nda y\u00fczle uyumlu, estetik bir g\u00f6r\u00fcn\u00fcm elde edilebilir.<\/p>\n\n\n\n<h3 class=\"wp-block-heading\">\u00c7ene Esteti\u011fi Ameliyat\u0131 Sonras\u0131 S\u00fcre\u00e7 Nas\u0131ld\u0131r?<\/h3>\n\n\n\n<p><strong>Chin aesthetic surgery <\/strong>sonras\u0131nda iyile\u015fme s\u00fcreci, i\u015flemin kapsam\u0131na ve hastan\u0131n genel sa\u011fl\u0131k durumuna g\u00f6re de\u011fi\u015fiklik g\u00f6sterebilir. Ameliyat sonras\u0131 dikkatli bir bak\u0131m s\u00fcreci, hem iyile\u015fme h\u0131z\u0131n\u0131 art\u0131r\u0131r hem de sonu\u00e7lar\u0131n kal\u0131c\u0131l\u0131\u011f\u0131n\u0131 destekler.<\/p>\n\n\n\n<p>Operasyonun ard\u0131ndan ilk birka\u00e7 g\u00fcn \u015fi\u015flik, morluk, hafif a\u011fr\u0131 ve \u00e7i\u011fneme zorlu\u011fu ya\u015fanmas\u0131 normaldir. Bu belirtiler ge\u00e7icidir ve doktorun \u00f6nerdi\u011fi ila\u00e7larla kolayca kontrol alt\u0131na al\u0131nabilir. A\u011f\u0131z i\u00e7inden yap\u0131lan ameliyatlarda diki\u015fler kendili\u011finden eriyebilir. b u nedenle genellikle al\u0131nmalar\u0131na gerek kalmaz.<\/p>\n\n\n\n<p>\u0130lk 1 hafta boyunca yumu\u015fak g\u0131dalar t\u00fcketilmeli ve \u00e7ene fazla zorlanmamal\u0131d\u0131r. A\u011f\u0131z hijyenine dikkat etmek enfeksiyon riskini azalt\u0131r. Gerekirse gargara ya da antiseptik sol\u00fcsyonlarla temizlik sa\u011flanabilir.<\/p>\n\n\n\n<p>bandaj ya da sabitleyici materyaller hekimin belirtti\u011fi s\u00fcre boyunca kullan\u0131lmal\u0131d\u0131r. Bu, \u00e7enenin istenen formda iyile\u015fmesini sa\u011flar. \u0130lk haftalarda a\u011f\u0131r egzersiz ve y\u00fcz\u00fcst\u00fc yatma gibi hareketlerden ka\u00e7\u0131n\u0131lmas\u0131 \u00f6nerilir.<\/p>\n\n\n\n<p>Genellikle 1\u20132 hafta i\u00e7inde hastalar g\u00fcnl\u00fck ya\u015fant\u0131lar\u0131na geri d\u00f6nebilir. Ancak \u00e7ene hatt\u0131n\u0131n tamamen oturmas\u0131 ve \u00f6demin ge\u00e7mesi birka\u00e7 ay s\u00fcrebilir.<\/p>\n\n\n\n<p>D\u00fczenli doktor kontrolleri, iyile\u015fme s\u00fcrecinin takibi a\u00e7\u0131s\u0131ndan b\u00fcy\u00fck \u00f6nem ta\u015f\u0131r. \u00d6zenli bak\u0131m ve sab\u0131rla ge\u00e7irilen iyile\u015fme d\u00f6nemi sonunda, <strong>chin aesthetic surgery<\/strong> do\u011fal, dengeli ve estetik bir g\u00f6r\u00fcn\u00fcmle sonu\u00e7lan\u0131r.<\/p>","protected":false},"excerpt":{"rendered":"<p>T\u0131bbi ad\u0131yla mentoplasti veya genioplasti, \u00e7ene yap\u0131s\u0131ndaki orant\u0131s\u0131zl\u0131klar\u0131 d\u00fczeltmek ve y\u00fcz esteti\u011fini dengelemek i\u00e7in yap\u0131l\u0131r. Alt \u00e7enenin \u00f6nde, geride, uzun veya k\u0131sa olmas\u0131 gibi durumlar estetik g\u00f6r\u00fcn\u00fcm\u00fc, \u00e7i\u011fneme ve konu\u015fma gibi fonksiyonlar\u0131 etkiler. \u00c7ene esteti\u011fi ameliyat\u0131 Yaln\u0131zca kozmetik bir i\u015flem de\u011fil, fonksiyonel bir m\u00fcdahale olarak da uygulan\u0131r. \u00c7ene Esteti\u011fi Ameliyat\u0131 Kimler \u0130\u00e7in Uygundur? \u00c7ene esteti\u011fi, [&hellip;]<\/p>","protected":false},"author":1,"featured_media":8495,"comment_status":"closed","ping_status":"open","sticky":false,"template":"","format":"standard","meta":{"footnotes":""},"categories":[1],"tags":[],"class_list":["post-6693","post","type-post","status-publish","format-standard","has-post-thumbnail","hentry","category-genel"],"_links":{"self":[{"href":"https:\/\/eyeandbody.com\/en\/wp-json\/wp\/v2\/posts\/6693","targetHints":{"allow":["GET"]}}],"collection":[{"href":"https:\/\/eyeandbody.com\/en\/wp-json\/wp\/v2\/posts"}],"about":[{"href":"https:\/\/eyeandbody.com\/en\/wp-json\/wp\/v2\/types\/post"}],"author":[{"embeddable":true,"href":"https:\/\/eyeandbody.com\/en\/wp-json\/wp\/v2\/users\/1"}],"replies":[{"embeddable":true,"href":"https:\/\/eyeandbody.com\/en\/wp-json\/wp\/v2\/comments?post=6693"}],"version-history":[{"count":1,"href":"https:\/\/eyeandbody.com\/en\/wp-json\/wp\/v2\/posts\/6693\/revisions"}],"predecessor-version":[{"id":8496,"href":"https:\/\/eyeandbody.com\/en\/wp-json\/wp\/v2\/posts\/6693\/revisions\/8496"}],"wp:featuredmedia":[{"embeddable":true,"href":"https:\/\/eyeandbody.com\/en\/wp-json\/wp\/v2\/media\/8495"}],"wp:attachment":[{"href":"https:\/\/eyeandbody.com\/en\/wp-json\/wp\/v2\/media?parent=6693"}],"wp:term":[{"taxonomy":"category","embeddable":true,"href":"https:\/\/eyeandbody.com\/en\/wp-json\/wp\/v2\/categories?post=6693"},{"taxonomy":"post_tag","embeddable":true,"href":"https:\/\/eyeandbody.com\/en\/wp-json\/wp\/v2\/tags?post=6693"}],"curies":[{"name":"wp","href":"https:\/\/api.w.org\/{rel}","templated":true}]}}