{"id":8362,"date":"2025-02-25T17:55:08","date_gmt":"2025-02-25T14:55:08","guid":{"rendered":"https:\/\/eyeandbody.com\/?p=8362"},"modified":"2025-02-25T17:55:11","modified_gmt":"2025-02-25T14:55:11","slug":"goz-kapagi-estetigi-fiyatlari","status":"publish","type":"post","link":"https:\/\/eyeandbody.com\/en\/goz-kapagi-estetigi-fiyatlari\/","title":{"rendered":"G\u00f6z Kapa\u011f\u0131 Esteti\u011fi Fiyatlar\u0131"},"content":{"rendered":"<p>G\u00f6z esteti\u011fi, ya\u015flanma belirtilerini azaltmaya yard\u0131mc\u0131 olur. <strong>G\u00f6z kapa\u011f\u0131 esteti\u011fi fiyatlar\u0131<\/strong>, yap\u0131lan i\u015flem t\u00fcr\u00fcne ve hastan\u0131n ihtiya\u00e7lar\u0131na g\u00f6re de\u011fi\u015fir. Genellikle i\u015flem, lokal anestezi alt\u0131nda yap\u0131l\u0131r. Fiyatlar, cerrah\u0131n deneyimi ve klinik se\u00e7imine g\u00f6re farkl\u0131l\u0131k g\u00f6sterebilir. Uygulaman\u0131n maliyeti, g\u00f6z kapa\u011f\u0131n\u0131n durumuna ba\u011fl\u0131 olarak belirlenir.<\/p>\n\n\n\n<h2 class=\"wp-block-heading\">G\u00f6z Kapa\u011f\u0131 Esteti\u011fi Kimler \u0130\u00e7in Uygundur?<\/h2>\n\n\n<div class=\"wp-block-image\">\n<figure class=\"alignleft size-full is-resized\"><img fetchpriority=\"high\" decoding=\"async\" width=\"1000\" height=\"600\" src=\"https:\/\/eyeandbody.com\/wp-content\/uploads\/2025\/02\/goz-kapagi-estetigi-fiyatlari-2.jpg\" alt=\"G\u00f6z Kapa\u011f\u0131 Esteti\u011fi Fiyatlar\u0131\" class=\"wp-image-8364\" style=\"width:343px;height:auto\" title=\"\" srcset=\"https:\/\/eyeandbody.com\/wp-content\/uploads\/2025\/02\/goz-kapagi-estetigi-fiyatlari-2.jpg 1000w, https:\/\/eyeandbody.com\/wp-content\/uploads\/2025\/02\/goz-kapagi-estetigi-fiyatlari-2-300x180.jpg 300w, https:\/\/eyeandbody.com\/wp-content\/uploads\/2025\/02\/goz-kapagi-estetigi-fiyatlari-2-768x461.jpg 768w, https:\/\/eyeandbody.com\/wp-content\/uploads\/2025\/02\/goz-kapagi-estetigi-fiyatlari-2-18x12.jpg 18w\" sizes=\"(max-width: 1000px) 100vw, 1000px\" \/><\/figure>\n<\/div>\n\n\n<p>Ya\u015fland\u0131k\u00e7a, g\u00f6z \u00e7evresindeki deri sarkabilir ve k\u0131r\u0131\u015f\u0131kl\u0131klar olu\u015fabilir. Bu, daha yorgun ve ya\u015fl\u0131 bir g\u00f6r\u00fcn\u00fcm yaratabilir. Bu t\u00fcr durumlar, \u00f6zellikle \u00fcst g\u00f6z kapa\u011f\u0131ndaki sarkmalar ki\u015fiyi rahats\u0131z edebilir. G\u00f6z \u00e7evresindeki bu de\u011fi\u015fiklikler, estetik kayg\u0131lar\u0131n \u00f6tesinde, g\u00f6rme alan\u0131n\u0131 da etkileyebilir. Ki\u015filer, bu t\u00fcr estetik sorunlar\u0131 \u00e7\u00f6zmek i\u00e7in profesyonel bir m\u00fcdahale tercih edebilir.<\/p>\n\n\n\n<p>Genetik fakt\u00f6rler de g\u00f6z \u00e7evresindeki de\u011fi\u015fikliklerin sebeplerindendir. Ailede bu t\u00fcr sorunlar ya\u015fayan bireyler, daha gen\u00e7 ya\u015flarda bile benzer problemlerle kar\u015f\u0131la\u015fabilirler. Ya\u015flanma etkisiyle birlikte, cilt elastikiyetinin kayb\u0131, bu t\u00fcr m\u00fcdahalelere olan ilgiyi art\u0131r\u0131r. Estetik kayg\u0131lar, \u00e7o\u011fu ki\u015fi i\u00e7in hayat kalitesini etkileyebilecek \u00f6nemli bir fakt\u00f6rd\u00fcr.<\/p>\n\n\n\n<p><strong>G\u00f6z kapa\u011f\u0131 esteti\u011fi<\/strong>, genellikle 35 ya\u015f ve sonras\u0131nda tercih edilmeye ba\u015flar. Ancak, genetik ve \u00e7evresel fakt\u00f6rlere ba\u011fl\u0131 olarak, gen\u00e7 ya\u015fta da ihtiyac\u0131 olanlar olabilir. G\u00f6z \u00e7evresindeki derideki sarkmalar ve torbalar, ki\u015finin ya\u015fam\u0131n\u0131 olumsuz y\u00f6nde etkileyebilir. Bu gibi durumlarda, cerrahi m\u00fcdahale, ki\u015fiye daha gen\u00e7 bir g\u00f6r\u00fcn\u00fcm kazand\u0131rabilir.<\/p>\n\n\n\n<p>Herkes i\u00e7in uygun olmayan bu m\u00fcdahaleler, baz\u0131 sa\u011fl\u0131k sorunlar\u0131 bulunan ki\u015filer i\u00e7in risk ta\u015f\u0131yabilir. Kronik hastal\u0131klar\u0131 olanlar\u0131n i\u015flem \u00f6ncesi doktorlar\u0131yla g\u00f6r\u00fc\u015fmesi \u00f6nemlidir. Ayr\u0131ca, aktif bir g\u00f6z enfeksiyonu veya alerjik reaksiyonlar\u0131 olan bireyler i\u00e7in bu t\u00fcr m\u00fcdahaleler \u00f6nerilmez.<\/p>\n\n\n\n<h3 class=\"wp-block-heading\">G\u00f6z Kapa\u011f\u0131 Esteti\u011fi Yapt\u0131rmadan \u00d6nce Nelere Dikkat Etmelisiniz?<\/h3>\n\n\n\n<p>Bu i\u015flemi yapt\u0131rmadan \u00f6nce, ilk olarak sa\u011fl\u0131k durumunuzu g\u00f6zden ge\u00e7irmelisiniz. Diyabet, hipertansiyon ve kalp hastal\u0131klar\u0131n\u0131z varsa, doktorunuza dan\u0131\u015fman\u0131z \u00f6nemlidir. Bu t\u00fcr sa\u011fl\u0131k sorunlar\u0131, i\u015flem s\u0131ras\u0131nda komplikasyon riski yaratabilir. Ameliyat \u00f6ncesi ve sonras\u0131 sa\u011fl\u0131k durumunuzu kontrol alt\u0131na almak, s\u00fcrecin g\u00fcvenli ge\u00e7mesini sa\u011flar.<\/p>\n\n\n\n<p>\u0130\u015flemi ger\u00e7ekle\u015ftirecek olan cerrah\u0131n deneyimi de olduk\u00e7a \u00f6nemlidir. Alan\u0131nda uzman bir doktor se\u00e7mek, ba\u015far\u0131l\u0131 sonu\u00e7lar elde etmenizi sa\u011flar. Cerrah\u0131n daha \u00f6nceki \u00e7al\u0131\u015fmalar\u0131n\u0131 incelemek ve referanslara ula\u015fmak, do\u011fru karar vermenize yard\u0131mc\u0131 olur. Deneyimli bir cerrah, riskleri azaltarak estetik beklentilerinize uygun sonu\u00e7lar sa\u011flar.<\/p>\n\n\n\n<p><strong>G\u00f6z kapa\u011f\u0131 esteti\u011fi <\/strong>hakk\u0131nda detayl\u0131 bilgi edinmek, beklentilerinizi do\u011fru belirlemenizi sa\u011flar. Ameliyat\u0131n nas\u0131l ger\u00e7ekle\u015fece\u011fini, iyile\u015fme s\u00fcrecini ve olas\u0131 yan etkileri \u00f6\u011frenmek, sizi daha haz\u0131rl\u0131kl\u0131 k\u0131lar. Estetik de\u011fi\u015fikliklerin etkilerini \u00f6nceden bilmek \u00f6nemlidir. Bu, s\u00fcrecin her a\u015famas\u0131n\u0131 daha kolay kabullenmenizi sa\u011flar.<\/p>\n\n\n\n<p>\u0130yile\u015fme s\u00fcreci, ki\u015fiden ki\u015fiye de\u011fi\u015febilir. Ancak, her durumda dinlenme ve bak\u0131m olduk\u00e7a \u00f6nemlidir. Bu y\u00fczden, i\u015flem sonras\u0131 birka\u00e7 g\u00fcn i\u015f veya sosyal hayat\u0131n\u0131za ara vermeniz gerekebilir. Sadece fiziksel de\u011fil, psikolojik a\u00e7\u0131dan da iyile\u015fme s\u00fcrecine haz\u0131rlanmal\u0131s\u0131n\u0131z. Doktorunuz, iyile\u015fme s\u00fcrecini h\u0131zland\u0131racak \u00f6nerilerde bulunacakt\u0131r.<\/p>\n\n\n\n<h3 class=\"wp-block-heading\">G\u00f6z Kapa\u011f\u0131 Esteti\u011fi Sonras\u0131 \u0130yile\u015fme S\u00fcreci<\/h3>\n\n\n<div class=\"wp-block-image\">\n<figure class=\"alignright size-full is-resized\"><img decoding=\"async\" width=\"1000\" height=\"600\" src=\"https:\/\/eyeandbody.com\/wp-content\/uploads\/2025\/02\/goz-kapagi-estetigi-fiyatlari-3.jpg\" alt=\"G\u00f6z Kapa\u011f\u0131 Esteti\u011fi Fiyatlar\u0131\" class=\"wp-image-8365\" style=\"width:337px;height:auto\" title=\"\" srcset=\"https:\/\/eyeandbody.com\/wp-content\/uploads\/2025\/02\/goz-kapagi-estetigi-fiyatlari-3.jpg 1000w, https:\/\/eyeandbody.com\/wp-content\/uploads\/2025\/02\/goz-kapagi-estetigi-fiyatlari-3-300x180.jpg 300w, https:\/\/eyeandbody.com\/wp-content\/uploads\/2025\/02\/goz-kapagi-estetigi-fiyatlari-3-768x461.jpg 768w, https:\/\/eyeandbody.com\/wp-content\/uploads\/2025\/02\/goz-kapagi-estetigi-fiyatlari-3-18x12.jpg 18w\" sizes=\"(max-width: 1000px) 100vw, 1000px\" \/><\/figure>\n<\/div>\n\n\n<p>Ameliyat sonras\u0131 ilk g\u00fcnlerde, g\u00f6z \u00e7evresinde \u015fi\u015flik ve morluklar g\u00f6r\u00fclebilir. Bu, olduk\u00e7a normal bir durumdur ve birka\u00e7 g\u00fcn i\u00e7inde azal\u0131r. \u0130lk 48 saat boyunca ba\u015f\u0131n y\u00fcksekte tutulmas\u0131, \u015fi\u015fliklerin h\u0131zla inmesine yard\u0131mc\u0131 olur. Doktorunuzun \u00f6nerdi\u011fi \u015fekilde so\u011fuk kompres uygulamak rahatlama sa\u011flar.<\/p>\n\n\n\n<p>\u0130lk haftada, \u015fi\u015flik ve morluklar yava\u015f\u00e7a ge\u00e7er. Ancak, baz\u0131 ki\u015filerde daha uzun s\u00fcre kalabilir. Bu s\u00fcre\u00e7te, fazla hareketten ka\u00e7\u0131nmak ve b\u00f6lgeyi korumak \u00f6nemlidir. Ayr\u0131ca, doktorunuzun verdi\u011fi ila\u00e7lar\u0131 d\u00fczenli olarak kullanmak, iyile\u015fme s\u00fcrecini h\u0131zland\u0131r\u0131r. Ameliyat sonras\u0131 genellikle 7-10 g\u00fcn i\u00e7inde diki\u015fler al\u0131n\u0131r.<\/p>\n\n\n\n<p><strong>G\u00f6z kapa\u011f\u0131 esteti\u011fi <\/strong>sonras\u0131nda toparlanma d\u00f6nemi bireyden bireye farkl\u0131l\u0131k g\u00f6sterebilir. Genellikle 1-2 hafta i\u00e7inde normal hayat\u0131n\u0131za d\u00f6nebilirsiniz, ancak tam iyile\u015fme 3-6 hafta s\u00fcrebilir. Bu s\u00fcre boyunca, g\u00f6z \u00e7evresine bask\u0131 yapmamaya dikkat etmek gerekir. Y\u00fczme, a\u015f\u0131r\u0131 g\u00fcne\u015flenme veya g\u00f6zleri fazla yorma gibi aktivitelerden ka\u00e7\u0131nmak \u00f6nemlidir. Yava\u015f\u00e7a, normal aktivitelerinize d\u00f6nebilirsiniz.<\/p>\n\n\n\n<p>Ameliyat sonras\u0131 izler, ba\u015flang\u0131\u00e7ta daha belirgin olabilir. Ancak, bu izler zamanla solarak daha az g\u00f6r\u00fcn\u00fcr hale gelir. Cilt bak\u0131m\u0131 yapmak ve doktorun \u00f6nerdi\u011fi kremleri kullanmak, izlerin iyile\u015fmesine yard\u0131mc\u0131 olur. D\u00fczenli kontrol randevular\u0131 ile doktorunuz, iyile\u015fme s\u00fcrecini takip eder.<\/p>\n\n\n\n<h3 class=\"wp-block-heading\">G\u00f6z Kapa\u011f\u0131 Esteti\u011fi Fiyatlar\u0131 Nelerdir?<\/h3>\n\n\n\n<p>G\u00f6z \u00e7evresindeki sarkmalar ve torbalar, zamanla estetik kayg\u0131 yaratabilir. Bu sorunlar, ya\u015flanma, genetik ve \u00e7evresel fakt\u00f6rlerden kaynaklan\u0131r. Ki\u015filer bu durumdan rahats\u0131z oldu\u011funda, cerrahi m\u00fcdahale tercih edebilir. Ancak, bu t\u00fcr bir i\u015flem i\u00e7in fiyatlar bir\u00e7ok fakt\u00f6re ba\u011fl\u0131 olarak de\u011fi\u015fir. Fiyat belirlenirken, operasyonun karma\u015f\u0131kl\u0131\u011f\u0131, cerrah\u0131n deneyimi ve klinik se\u00e7imi dikkate al\u0131n\u0131r. <a target=\"_blank\" rel=\"noreferrer noopener\" href=\"https:\/\/eyeandbody.com\/en\/drooping-eyelids\/\">Drooping eyelids<\/a> gibi \u00f6zel durumlar, i\u015flemi daha kapsaml\u0131 hale getirebilir, bu da fiyatlar\u0131 etkileyebilir.<\/p>\n\n\n\n<p>\u0130stanbul ve b\u00fcy\u00fck \u015fehirlerde fiyatlar genellikle daha y\u00fcksek olabilir. Bu, sa\u011fl\u0131k hizmetlerinin daha geli\u015fmi\u015f ve yo\u011fun talep g\u00f6ren b\u00f6lgelerde bulunmas\u0131ndan kaynaklan\u0131r. Di\u011fer \u015fehirlerde ise fiyatlar biraz daha uygun olabilir. Bununla birlikte, fiyat farklar\u0131, hastan\u0131n ihtiya\u00e7lar\u0131na g\u00f6re de de\u011fi\u015fir. Alt g\u00f6z kapa\u011f\u0131 torbalar\u0131na y\u00f6nelik i\u015flem ile \u00fcst ve alt g\u00f6z kapa\u011f\u0131 m\u00fcdahalesi aras\u0131nda fiyat fark\u0131 olabilir.<\/p>\n\n\n\n<p>Fiyatlar\u0131 etkileyen bir di\u011fer fakt\u00f6r ise kullan\u0131lan malzemelerdir. Modern teknikler ve kaliteli malzemeler, daha y\u00fcksek maliyetlere yol a\u00e7abilir. Ayr\u0131ca, hastan\u0131n i\u015flem sonras\u0131 bak\u0131m hizmetlerine olan ihtiyac\u0131 da fiyatlar\u0131 etkileyebilir. Her hastan\u0131n iyile\u015fme s\u00fcreci farkl\u0131d\u0131r, bu y\u00fczden ek takip randevular\u0131 ve ila\u00e7lar i\u015flem maliyetini art\u0131rabilir.<\/p>\n\n\n\n<p>Cerrah\u0131n deneyimi ve klini\u011fin prestiji de fiyatlar\u0131 etkileyen unsurlar aras\u0131nda yer al\u0131r. Deneyimli ve uzman cerrahlar, daha y\u00fcksek \u00fccretler talep edebilir. Uzmanl\u0131k bilgisi ve becerisi, sonu\u00e7lar\u0131 do\u011frudan etkiler. Deneyimli cerrahlar, komplikasyon riskini azaltarak ba\u015far\u0131l\u0131 sonu\u00e7lar elde eder.<\/p>\n\n\n\n<p><strong>G\u00f6z kapa\u011f\u0131 esteti\u011fi fiyatlar\u0131<\/strong>, \u00e7e\u015fitli unsurlara g\u00f6re farkl\u0131l\u0131k g\u00f6sterir. Cerrah\u0131n deneyimi, operasyon t\u00fcr\u00fc, malzemeler ve klinik tercihler fiyat\u0131 etkiler. Bu t\u00fcr bir i\u015flemi d\u00fc\u015f\u00fcn\u00fcyorsan\u0131z, \u00f6nceden ara\u015ft\u0131rma yaparak b\u00fct\u00e7enizi ve beklentilerinizi belirlemeniz \u00f6nemlidir.<\/p>","protected":false},"excerpt":{"rendered":"<p>G\u00f6z esteti\u011fi, ya\u015flanma belirtilerini azaltmaya yard\u0131mc\u0131 olur. G\u00f6z kapa\u011f\u0131 esteti\u011fi fiyatlar\u0131, yap\u0131lan i\u015flem t\u00fcr\u00fcne ve hastan\u0131n ihtiya\u00e7lar\u0131na g\u00f6re de\u011fi\u015fir. Genellikle i\u015flem, lokal anestezi alt\u0131nda yap\u0131l\u0131r. Fiyatlar, cerrah\u0131n deneyimi ve klinik se\u00e7imine g\u00f6re farkl\u0131l\u0131k g\u00f6sterebilir. Uygulaman\u0131n maliyeti, g\u00f6z kapa\u011f\u0131n\u0131n durumuna ba\u011fl\u0131 olarak belirlenir. G\u00f6z Kapa\u011f\u0131 Esteti\u011fi Kimler \u0130\u00e7in Uygundur? Ya\u015fland\u0131k\u00e7a, g\u00f6z \u00e7evresindeki deri sarkabilir ve k\u0131r\u0131\u015f\u0131kl\u0131klar [&hellip;]<\/p>","protected":false},"author":2,"featured_media":8366,"comment_status":"closed","ping_status":"open","sticky":false,"template":"","format":"standard","meta":{"footnotes":""},"categories":[1],"tags":[],"class_list":["post-8362","post","type-post","status-publish","format-standard","has-post-thumbnail","hentry","category-genel"],"_links":{"self":[{"href":"https:\/\/eyeandbody.com\/en\/wp-json\/wp\/v2\/posts\/8362","targetHints":{"allow":["GET"]}}],"collection":[{"href":"https:\/\/eyeandbody.com\/en\/wp-json\/wp\/v2\/posts"}],"about":[{"href":"https:\/\/eyeandbody.com\/en\/wp-json\/wp\/v2\/types\/post"}],"author":[{"embeddable":true,"href":"https:\/\/eyeandbody.com\/en\/wp-json\/wp\/v2\/users\/2"}],"replies":[{"embeddable":true,"href":"https:\/\/eyeandbody.com\/en\/wp-json\/wp\/v2\/comments?post=8362"}],"version-history":[{"count":2,"href":"https:\/\/eyeandbody.com\/en\/wp-json\/wp\/v2\/posts\/8362\/revisions"}],"predecessor-version":[{"id":8367,"href":"https:\/\/eyeandbody.com\/en\/wp-json\/wp\/v2\/posts\/8362\/revisions\/8367"}],"wp:featuredmedia":[{"embeddable":true,"href":"https:\/\/eyeandbody.com\/en\/wp-json\/wp\/v2\/media\/8366"}],"wp:attachment":[{"href":"https:\/\/eyeandbody.com\/en\/wp-json\/wp\/v2\/media?parent=8362"}],"wp:term":[{"taxonomy":"category","embeddable":true,"href":"https:\/\/eyeandbody.com\/en\/wp-json\/wp\/v2\/categories?post=8362"},{"taxonomy":"post_tag","embeddable":true,"href":"https:\/\/eyeandbody.com\/en\/wp-json\/wp\/v2\/tags?post=8362"}],"curies":[{"name":"wp","href":"https:\/\/api.w.org\/{rel}","templated":true}]}}