{"id":8402,"date":"2025-03-17T17:27:28","date_gmt":"2025-03-17T14:27:28","guid":{"rendered":"https:\/\/eyeandbody.com\/?p=8402"},"modified":"2025-03-17T17:27:33","modified_gmt":"2025-03-17T14:27:33","slug":"goz-alti-estetigi-sonrasi","status":"publish","type":"post","link":"https:\/\/eyeandbody.com\/en\/goz-alti-estetigi-sonrasi\/","title":{"rendered":"G\u00f6z Alt\u0131 Esteti\u011fi Sonras\u0131"},"content":{"rendered":"<p>\u0130\u015flem sonras\u0131 hafif \u015fi\u015flik ve morluklar olabilir. Bu durum genellikle birka\u00e7 g\u00fcn i\u00e7inde azal\u0131r. G\u00f6z alt\u0131 b\u00f6lgesine a\u015f\u0131r\u0131 bask\u0131 yapmamak \u00f6nemlidir. <strong>G\u00f6z alt\u0131 esteti\u011fi sonras\u0131<\/strong>, doktorun \u00f6nerdi\u011fi bak\u0131m talimatlar\u0131na dikkat edilmesi gerekir. D\u00fczenli kontrol seanslar\u0131, iyile\u015fmeyi h\u0131zland\u0131r\u0131r. \u0130\u015flem sonras\u0131nda cilt bak\u0131m\u0131na \u00f6zen g\u00f6stermek, kal\u0131c\u0131 sonu\u00e7lar i\u00e7in faydal\u0131d\u0131r.<\/p>\n\n\n\n<h2 class=\"wp-block-heading\">G\u00f6z Alt\u0131 Esteti\u011fi Nas\u0131l Yap\u0131l\u0131r?<\/h2>\n\n\n<div class=\"wp-block-image\">\n<figure class=\"alignleft size-full is-resized\"><img fetchpriority=\"high\" decoding=\"async\" width=\"1000\" height=\"600\" src=\"https:\/\/eyeandbody.com\/wp-content\/uploads\/2025\/03\/goz-alti-estetigi-sonrasi-2.jpg\" alt=\"G\u00f6z Alt\u0131 Esteti\u011fi Sonras\u0131\" class=\"wp-image-8405\" style=\"width:315px;height:auto\" title=\"\" srcset=\"https:\/\/eyeandbody.com\/wp-content\/uploads\/2025\/03\/goz-alti-estetigi-sonrasi-2.jpg 1000w, https:\/\/eyeandbody.com\/wp-content\/uploads\/2025\/03\/goz-alti-estetigi-sonrasi-2-300x180.jpg 300w, https:\/\/eyeandbody.com\/wp-content\/uploads\/2025\/03\/goz-alti-estetigi-sonrasi-2-768x461.jpg 768w, https:\/\/eyeandbody.com\/wp-content\/uploads\/2025\/03\/goz-alti-estetigi-sonrasi-2-18x12.jpg 18w\" sizes=\"(max-width: 1000px) 100vw, 1000px\" \/><\/figure>\n<\/div>\n\n\n<p>G\u00f6z alt\u0131 deformasyonlar\u0131, ya\u015flanma, genetik fakt\u00f6rler veya uyku eksikli\u011finden kaynaklan\u0131r. Bu b\u00f6lgedeki \u015fi\u015flik, torbalanma ve morluklar, ki\u015fiyi oldu\u011fundan daha yorgun ve ya\u015fl\u0131 g\u00f6sterebilir. Estetik m\u00fcdahaleler, bu t\u00fcr sorunlar\u0131 d\u00fczeltmek amac\u0131yla yap\u0131l\u0131r. \u00c7e\u015fitli teknikler kullan\u0131larak g\u00f6z alt\u0131ndaki k\u0131r\u0131\u015f\u0131kl\u0131klar ve torbalar giderilebilir.<\/p>\n\n\n\n<p>\u0130lk a\u015fama, b\u00f6lgenin analiz edilmesidir. Estetik uzman\u0131, g\u00f6z alt\u0131ndaki yap\u0131y\u0131 ve deri kalitesini de\u011ferlendirir. Bu, hangi tedavi y\u00f6nteminin uygulanaca\u011f\u0131na karar vermek i\u00e7in \u00f6nemlidir. Belirgin morluk ve torbalar i\u00e7in dolgu veya lazer tedavileri tercih edilebilir. <strong>G\u00f6z alt\u0131 esteti\u011fi<\/strong> i\u015flemi s\u0131ras\u0131nda, hastan\u0131n ihtiyac\u0131na g\u00f6re do\u011fru y\u00f6ntem se\u00e7ilir.<\/p>\n\n\n\n<p>Bir di\u011fer yayg\u0131n uygulama, g\u00f6z alt\u0131 b\u00f6lgesine dolgu maddesi enjekte edilmesidir. Bu, cilt alt\u0131ndaki hacmi art\u0131rarak, g\u00f6z alt\u0131 torbalar\u0131n\u0131n g\u00f6r\u00fcn\u00fcm\u00fcn\u00fc azalt\u0131r. Uygulama genellikle lokal anestezi alt\u0131nda yap\u0131l\u0131r ve i\u015flem sonras\u0131 hemen normal ya\u015fant\u0131n\u0131za devam edebilirsiniz. Ayr\u0131ca, lazerle yap\u0131lan tedavi de cilt alt\u0131ndaki yap\u0131y\u0131 canland\u0131r\u0131r ve k\u0131r\u0131\u015f\u0131kl\u0131klar\u0131 azalt\u0131r.<\/p>\n\n\n\n<h3 class=\"wp-block-heading\">G\u00f6z Alt\u0131 Esteti\u011fi Kimlere Yap\u0131l\u0131r?<\/h3>\n\n\n\n<p>G\u00f6z alt\u0131 estetik sorunlar\u0131, ya\u015flanma ve genetik fakt\u00f6rlerle ili\u015fkilidir. Bu b\u00f6lgedeki torbalar, morluklar veya k\u0131r\u0131\u015f\u0131kl\u0131klar, ki\u015fiyi yorgun ve ya\u015fl\u0131 g\u00f6sterebilir. Estetik m\u00fcdahale, genellikle bu t\u00fcr g\u00f6r\u00fcn\u00fcm bozukluklar\u0131n\u0131 d\u00fczeltmek amac\u0131yla yap\u0131l\u0131r. Ancak, her birey i\u00e7in uygun olmayabilir ve uygulanabilirli\u011fi ki\u015fisel fakt\u00f6rlere ba\u011fl\u0131d\u0131r.<\/p>\n\n\n\n<p>Genellikle 30 ya\u015f ve \u00fczeri ki\u015filer, g\u00f6z alt\u0131 b\u00f6lgesinde ya\u015fanan de\u011fi\u015fimlerden etkilenir. Ya\u015fla birlikte cilt elastikiyeti azal\u0131r ve g\u00f6z alt\u0131 derisi incelmeye ba\u015flar. Bu durumda, g\u00f6z alt\u0131 b\u00f6lgesinde torbalar ve morluklar daha belirgin hale gelir. Bu de\u011fi\u015fiklikleri en aza indirmek i\u00e7in <strong>Under eye aesthetics<\/strong> tercih edilebilir. Ancak, daha gen\u00e7 bireyler de genetik nedenlerle bu t\u00fcr sorunlarla kar\u015f\u0131la\u015fabilirler.<\/p>\n\n\n\n<p>Ayr\u0131ca, uyku eksikli\u011fi ve stres gibi d\u0131\u015f fakt\u00f6rler de g\u00f6z alt\u0131 b\u00f6lgesindeki estetik sorunlara yol a\u00e7abilir. Yeterli uyku almayan ki\u015filerde, g\u00f6z alt\u0131ndaki \u015fi\u015flik ve morluklar daha belirgin olabilir. Bu durum, ki\u015fiyi yorgun ve sa\u011fl\u0131ks\u0131z g\u00f6sterebilir. Bu t\u00fcr d\u0131\u015f etkenler, estetik bir m\u00fcdahaleyle d\u00fczeltilebilir. Ayr\u0131ca, s\u0131k s\u0131k alkol t\u00fcketimi de cilt alt\u0131ndaki kan dola\u015f\u0131m\u0131n\u0131 olumsuz etkileyebilir.<\/p>\n\n\n\n<h3 class=\"wp-block-heading\">G\u00f6z Alt\u0131 Esteti\u011fi Fiyatlar\u0131 Nelerdir?<\/h3>\n\n\n<div class=\"wp-block-image\">\n<figure class=\"alignright size-full is-resized\"><img decoding=\"async\" width=\"1000\" height=\"600\" src=\"https:\/\/eyeandbody.com\/wp-content\/uploads\/2025\/03\/goz-alti-estetigi-sonrasi-3.jpg\" alt=\"G\u00f6z Alt\u0131 Esteti\u011fi Sonras\u0131\" class=\"wp-image-8404\" style=\"width:317px;height:auto\" title=\"\" srcset=\"https:\/\/eyeandbody.com\/wp-content\/uploads\/2025\/03\/goz-alti-estetigi-sonrasi-3.jpg 1000w, https:\/\/eyeandbody.com\/wp-content\/uploads\/2025\/03\/goz-alti-estetigi-sonrasi-3-300x180.jpg 300w, https:\/\/eyeandbody.com\/wp-content\/uploads\/2025\/03\/goz-alti-estetigi-sonrasi-3-768x461.jpg 768w, https:\/\/eyeandbody.com\/wp-content\/uploads\/2025\/03\/goz-alti-estetigi-sonrasi-3-18x12.jpg 18w\" sizes=\"(max-width: 1000px) 100vw, 1000px\" \/><\/figure>\n<\/div>\n\n\n<p>G\u00f6z alt\u0131ndaki estetik m\u00fcdahalelerin fiyatlar\u0131, \u00e7e\u015fitli fakt\u00f6rlere ba\u011fl\u0131 olarak de\u011fi\u015fir. \u0130lk olarak, uygulanacak tedavi y\u00f6ntemi fiyat\u0131 belirleyen ana fakt\u00f6rd\u00fcr. Dolgu enjeksiyonlar\u0131, lazer tedavisi veya cerrahi m\u00fcdahaleler aras\u0131nda fiyat farklar\u0131 olabilir. Kullan\u0131lan malzemelerin kalitesi ve tedavi s\u00fcreci de fiyatlar\u0131 etkileyen \u00f6nemli etkenlerdir. Basit uygulamalar uygun fiyatl\u0131, cerrahi m\u00fcdahaleler ise daha pahal\u0131d\u0131r.<\/p>\n\n\n\n<p>\u0130\u015flem yap\u0131lan klinik ve b\u00f6lge de fiyatlarda de\u011fi\u015fiklik yaratabilir. B\u00fcy\u00fck \u015fehirlerdeki kliniklerde fiyatlar daha y\u00fcksek olabilir. Bunun nedeni, kira, personel ve di\u011fer i\u015fletme maliyetlerinin daha fazla olmas\u0131d\u0131r. Ayr\u0131ca, klinikte kullan\u0131lan teknoloji ve ekipmanlar da fiyatlar\u0131 etkileyebilir. Daha teknolojik altyap\u0131ya sahip klinikler, genellikle daha y\u00fcksek \u00fccret talep eder. <strong>G\u00f6z alt\u0131 esteti\u011fi<\/strong> i\u015flemleri de bu fakt\u00f6rlerden etkilenir ve fiyatlar kliniklere g\u00f6re de\u011fi\u015febilir.<\/p>\n\n\n\n<p>Tedavi s\u00fcresi ve seans say\u0131s\u0131 da maliyeti belirleyen bir ba\u015fka fakt\u00f6rd\u00fcr. Baz\u0131 i\u015flemler tek seansta tamamlanabilirken, baz\u0131 tedaviler birden fazla seans gerektirir. \u00d6zellikle dolgu ve lazer tedavileri, birka\u00e7 seans gerektirebilir. Bu durumda, toplam maliyet seans say\u0131s\u0131na g\u00f6re artar. Di\u011fer yandan, cerrahi m\u00fcdahalelerde genellikle tek bir seans yeterli olabilir, ancak bu t\u00fcr i\u015flemler daha pahal\u0131d\u0131r.<\/p>\n\n\n\n<p>Ekstra hizmetler ve tedavi sonras\u0131 bak\u0131m da fiyatlar\u0131 art\u0131rabilir. \u0130\u015flem sonras\u0131 kullan\u0131lan ila\u00e7lar, kremler veya ekstra bak\u0131m seanslar\u0131 fiyat\u0131n i\u00e7ine dahil edilebilir. \u0130yile\u015fme s\u00fcrecindeki kontroller veya takip randevular\u0131 ekstra maliyet yaratabilir. Bu nedenle, <a target=\"_blank\" rel=\"noreferrer noopener\" href=\"https:\/\/eyeandbody.com\/en\/goz-cevresi-estetigi-fiyatlari\/\">g\u00f6z \u00e7evresi esteti\u011fi fiyatlar\u0131<\/a> hakk\u0131nda detayl\u0131 bilgi almak \u00f6nemlidir.<\/p>\n\n\n\n<h3 class=\"wp-block-heading\">G\u00f6z Alt\u0131 Esteti\u011fi Sonras\u0131 \u0130yile\u015fme S\u00fcreci<\/h3>\n\n\n\n<p>\u0130\u015flem sonras\u0131 iyile\u015fme s\u00fcreci ki\u015fiden ki\u015fiye de\u011fi\u015febilir, ancak genellikle birka\u00e7 g\u00fcn i\u00e7inde belirgin bir iyile\u015fme g\u00f6zlemlenir. \u0130lk birka\u00e7 g\u00fcn, i\u015flem yap\u0131lan b\u00f6lge hafif \u015fi\u015flik ve morluklar g\u00f6sterebilir. Bu hal yayg\u0131nd\u0131r ve genellikle 3-5 g\u00fcn i\u00e7erisinde azal\u0131r. \u0130yile\u015fme s\u00fcrecinin h\u0131zl\u0131 ilerlemesi i\u00e7in so\u011fuk kompres uygulamalar\u0131 tavsiye edilir.<\/p>\n\n\n\n<p>Bunun yan\u0131 s\u0131ra, i\u015flem sonras\u0131nda g\u00f6z alt\u0131 b\u00f6lgesinde hassasiyet hissedilebilir. G\u00f6z \u00e7evresinin cildi ince oldu\u011fu i\u00e7in, i\u015flem sonras\u0131nda dikkatli bir \u015fekilde bak\u0131m yap\u0131lmas\u0131 gerekir. G\u00f6zlerinizi ovu\u015fturmak veya zorlamak bu b\u00f6lgeye zarar verebilir. Bu nedenle, nazik bir \u015fekilde temizlik yap\u0131lmal\u0131 ve b\u00f6lgeye herhangi bir bask\u0131 uygulanmamal\u0131d\u0131r.<\/p>\n\n\n\n<p>\u0130yile\u015fme s\u00fcrecinde, tedavi edilen b\u00f6lgeyi g\u00fcne\u015f \u0131\u015f\u0131\u011f\u0131ndan korumak \u00f6nemlidir. G\u00fcne\u015fin zararl\u0131 etkileri iyile\u015fmeyi olumsuz y\u00f6nde etkileyebilir ve morluklar\u0131n ge\u00e7mesini zorla\u015ft\u0131rabilir. Bu y\u00fczden, i\u015flem sonras\u0131 birka\u00e7 hafta boyunca do\u011frudan g\u00fcne\u015f \u0131\u015f\u0131\u011f\u0131na maruz kalmamak gereklidir. Ayr\u0131ca, g\u00fcne\u015f koruyucu kremler kullanmak, cildin korunmas\u0131na yard\u0131mc\u0131 olabilir.<\/p>\n\n\n\n<p><strong>G\u00f6z alt\u0131 esteti\u011fi sonras\u0131<\/strong> iyile\u015fme s\u00fcreci genellikle h\u0131zl\u0131d\u0131r. \u015ei\u015flik ve morluklar birka\u00e7 g\u00fcn i\u00e7inde azal\u0131r, ancak hassasiyet ve tam iyile\u015fme birka\u00e7 hafta s\u00fcrebilir. D\u00fczenli bak\u0131m, doktorun \u00f6nerilerine uyum sa\u011flamak, iyile\u015fmeyi h\u0131zland\u0131r\u0131r. Bu s\u00fcre\u00e7, daha kal\u0131c\u0131 ve ba\u015far\u0131l\u0131 sonu\u00e7lar elde edilmesini sa\u011flar. Uygun bak\u0131m, g\u00f6z alt\u0131 b\u00f6lgesinin sa\u011fl\u0131kl\u0131 g\u00f6r\u00fcnmesini destekler.<\/p>","protected":false},"excerpt":{"rendered":"<p>\u0130\u015flem sonras\u0131 hafif \u015fi\u015flik ve morluklar olabilir. Bu durum genellikle birka\u00e7 g\u00fcn i\u00e7inde azal\u0131r. G\u00f6z alt\u0131 b\u00f6lgesine a\u015f\u0131r\u0131 bask\u0131 yapmamak \u00f6nemlidir. G\u00f6z alt\u0131 esteti\u011fi sonras\u0131, doktorun \u00f6nerdi\u011fi bak\u0131m talimatlar\u0131na dikkat edilmesi gerekir. D\u00fczenli kontrol seanslar\u0131, iyile\u015fmeyi h\u0131zland\u0131r\u0131r. \u0130\u015flem sonras\u0131nda cilt bak\u0131m\u0131na \u00f6zen g\u00f6stermek, kal\u0131c\u0131 sonu\u00e7lar i\u00e7in faydal\u0131d\u0131r. G\u00f6z Alt\u0131 Esteti\u011fi Nas\u0131l Yap\u0131l\u0131r? G\u00f6z alt\u0131 deformasyonlar\u0131, [&hellip;]<\/p>","protected":false},"author":1,"featured_media":8406,"comment_status":"closed","ping_status":"open","sticky":false,"template":"","format":"standard","meta":{"footnotes":""},"categories":[1],"tags":[],"class_list":["post-8402","post","type-post","status-publish","format-standard","has-post-thumbnail","hentry","category-genel"],"_links":{"self":[{"href":"https:\/\/eyeandbody.com\/en\/wp-json\/wp\/v2\/posts\/8402","targetHints":{"allow":["GET"]}}],"collection":[{"href":"https:\/\/eyeandbody.com\/en\/wp-json\/wp\/v2\/posts"}],"about":[{"href":"https:\/\/eyeandbody.com\/en\/wp-json\/wp\/v2\/types\/post"}],"author":[{"embeddable":true,"href":"https:\/\/eyeandbody.com\/en\/wp-json\/wp\/v2\/users\/1"}],"replies":[{"embeddable":true,"href":"https:\/\/eyeandbody.com\/en\/wp-json\/wp\/v2\/comments?post=8402"}],"version-history":[{"count":2,"href":"https:\/\/eyeandbody.com\/en\/wp-json\/wp\/v2\/posts\/8402\/revisions"}],"predecessor-version":[{"id":8407,"href":"https:\/\/eyeandbody.com\/en\/wp-json\/wp\/v2\/posts\/8402\/revisions\/8407"}],"wp:featuredmedia":[{"embeddable":true,"href":"https:\/\/eyeandbody.com\/en\/wp-json\/wp\/v2\/media\/8406"}],"wp:attachment":[{"href":"https:\/\/eyeandbody.com\/en\/wp-json\/wp\/v2\/media?parent=8402"}],"wp:term":[{"taxonomy":"category","embeddable":true,"href":"https:\/\/eyeandbody.com\/en\/wp-json\/wp\/v2\/categories?post=8402"},{"taxonomy":"post_tag","embeddable":true,"href":"https:\/\/eyeandbody.com\/en\/wp-json\/wp\/v2\/tags?post=8402"}],"curies":[{"name":"wp","href":"https:\/\/api.w.org\/{rel}","templated":true}]}}